{"id":720,"date":"2022-10-11T23:37:56","date_gmt":"2022-10-11T21:37:56","guid":{"rendered":"http:\/\/localhost\/amept\/?p=720"},"modified":"2024-05-14T14:50:26","modified_gmt":"2024-05-14T12:50:26","slug":"ecole-sainte-valerie","status":"publish","type":"post","link":"https:\/\/amept-limousin.com\/index.php\/ecole-sainte-valerie\/","title":{"rendered":"\u00c9cole Sainte Val\u00e9rie"},"content":{"rendered":"\n<p>Peu de temps apr\u00e8s la pr\u00e9sentation de l\u2019association dans les classes de l\u2019Ecole Sainte Val\u00e9rie, \u00e0 Limoges (organis\u00e9e et anim\u00e9e par Didier DESFORGES et Isabelle FOLLY ADJON) et gr\u00e2ce \u00e0 la mobilisation de sa directrice, Madame C\u00e9cile PASQUET, l\u2019association s\u2019est vue remettre un ch\u00e8que d\u2019un montant de 923,50 \u20ac (ici en compagnie du Tr\u00e9sorier, Monsieur Didier DESFORGES).<\/p>\n\n\n\n<p>L\u2019\u00e9cole a \u00e9galement offert du mat\u00e9riel scolaire et du petit mobilier (bureaux et chaises enfants)<\/p>\n\n\n\n<p>L\u2019ensemble des membres de l\u2019association remercie Madame PASQUET pour son implication et esp\u00e8re renforcer un partenariat initi\u00e9 il y a quelques ann\u00e9es maintenant.<\/p>\n\n\n\n<p>Merci pour cette fid\u00e9lit\u00e9 t\u00e9moign\u00e9e \u00e0 l\u2019association et surtout aux enfants de Yovokop\u00e9.<\/p>\n\n\n\n<figure class=\"wp-block-image size-full\"><img loading=\"lazy\" decoding=\"async\" width=\"768\" height=\"1024\" src=\"https:\/\/amept-limousin.com\/wp-content\/uploads\/2022\/10\/Sainte-Valerie.jpg\" alt=\"\" class=\"wp-image-721\" srcset=\"https:\/\/amept-limousin.com\/wp-content\/uploads\/2022\/10\/Sainte-Valerie.jpg 768w, https:\/\/amept-limousin.com\/wp-content\/uploads\/2022\/10\/Sainte-Valerie-225x300.jpg 225w\" sizes=\"auto, (max-width: 768px) 100vw, 768px\" \/><\/figure>\n","protected":false},"excerpt":{"rendered":"<p>Peu de temps apr\u00e8s la pr\u00e9sentation de l\u2019association dans les classes de l\u2019Ecole Sainte Val\u00e9rie, \u00e0 Limoges (organis\u00e9e et anim\u00e9e par Didier DESFORGES et Isabelle FOLLY ADJON) et gr\u00e2ce \u00e0 la mobilisation de sa directrice, Madame C\u00e9cile PASQUET, l\u2019association s\u2019est vue remettre un ch\u00e8que d\u2019un montant de 923,50 \u20ac (ici en compagnie du Tr\u00e9sorier, Monsieur [&hellip;]<\/p>\n","protected":false},"author":1,"featured_media":721,"comment_status":"open","ping_status":"open","sticky":false,"template":"","format":"standard","meta":{"_acf_changed":false,"footnotes":""},"categories":[2],"tags":[],"class_list":["post-720","post","type-post","status-publish","format-standard","has-post-thumbnail","hentry","category-actualites"],"acf":[],"_links":{"self":[{"href":"https:\/\/amept-limousin.com\/index.php\/wp-json\/wp\/v2\/posts\/720","targetHints":{"allow":["GET"]}}],"collection":[{"href":"https:\/\/amept-limousin.com\/index.php\/wp-json\/wp\/v2\/posts"}],"about":[{"href":"https:\/\/amept-limousin.com\/index.php\/wp-json\/wp\/v2\/types\/post"}],"author":[{"embeddable":true,"href":"https:\/\/amept-limousin.com\/index.php\/wp-json\/wp\/v2\/users\/1"}],"replies":[{"embeddable":true,"href":"https:\/\/amept-limousin.com\/index.php\/wp-json\/wp\/v2\/comments?post=720"}],"version-history":[{"count":1,"href":"https:\/\/amept-limousin.com\/index.php\/wp-json\/wp\/v2\/posts\/720\/revisions"}],"predecessor-version":[{"id":722,"href":"https:\/\/amept-limousin.com\/index.php\/wp-json\/wp\/v2\/posts\/720\/revisions\/722"}],"wp:featuredmedia":[{"embeddable":true,"href":"https:\/\/amept-limousin.com\/index.php\/wp-json\/wp\/v2\/media\/721"}],"wp:attachment":[{"href":"https:\/\/amept-limousin.com\/index.php\/wp-json\/wp\/v2\/media?parent=720"}],"wp:term":[{"taxonomy":"category","embeddable":true,"href":"https:\/\/amept-limousin.com\/index.php\/wp-json\/wp\/v2\/categories?post=720"},{"taxonomy":"post_tag","embeddable":true,"href":"https:\/\/amept-limousin.com\/index.php\/wp-json\/wp\/v2\/tags?post=720"}],"curies":[{"name":"wp","href":"https:\/\/api.w.org\/{rel}","templated":true}]}}