{"id":713,"date":"2022-10-11T23:06:31","date_gmt":"2022-10-11T21:06:31","guid":{"rendered":"http:\/\/localhost\/amept\/?p=713"},"modified":"2022-10-15T15:43:38","modified_gmt":"2022-10-15T13:43:38","slug":"assemblee-generale-2022","status":"publish","type":"post","link":"https:\/\/amept-limousin.com\/index.php\/assemblee-generale-2022\/","title":{"rendered":"Assembl\u00e9e G\u00e9n\u00e9rale 2022"},"content":{"rendered":"\n<figure class=\"wp-block-image size-full\"><img loading=\"lazy\" decoding=\"async\" width=\"1024\" height=\"768\" src=\"https:\/\/amept-limousin.com\/wp-content\/uploads\/2022\/10\/AssembleeGene.jpg\" alt=\"photo assembl\u00e9e g\u00e9n\u00e9rale 2022\" class=\"wp-image-717\" srcset=\"https:\/\/amept-limousin.com\/wp-content\/uploads\/2022\/10\/AssembleeGene.jpg 1024w, https:\/\/amept-limousin.com\/wp-content\/uploads\/2022\/10\/AssembleeGene-300x225.jpg 300w, https:\/\/amept-limousin.com\/wp-content\/uploads\/2022\/10\/AssembleeGene-768x576.jpg 768w\" sizes=\"auto, (max-width: 1024px) 100vw, 1024px\" \/><\/figure>\n\n\n\n<p>Aucune assembl\u00e9e g\u00e9n\u00e9rale n\u2019avait pu \u00eatre organis\u00e9e depuis 2019 du fait des restrictions sanitaires d\u00e9sormais lev\u00e9es.<\/p>\n\n\n\n<p>\u00c0 l\u2019ordre du jour&nbsp;:<\/p>\n\n\n\n<ul class=\"wp-block-list\"><li>Le bilan moral&nbsp;:<\/li><\/ul>\n\n\n\n<p>Force a \u00e9t\u00e9 de constater un bouleversement li\u00e9 \u00e0 l\u2019\u00e9pid\u00e9mie mondiale. Cette derni\u00e8re a entra\u00een\u00e9 une modification certaine des besoins exprim\u00e9s \u00e0 la ferme orphelinat.<\/p>\n\n\n\n<p>Dans ce cadre afin de subvenir aux besoins alimentaires des enfants et des encadrants, il avait \u00e9t\u00e9 d\u00e9cid\u00e9 de soutenir l\u2019action de Roger par le versement de sommes mensuelles permettant l\u2019achat de denr\u00e9es alimentaires dont les prix ont fortement augment\u00e9 \u00e0 cause d\u2019une inflation particuli\u00e8rement importante<\/p>\n\n\n\n<p>Ces d\u00e9penses ont \u00e9t\u00e9 permises car la situation financi\u00e8re de l\u2019association \u00e9tait satisfaisante notamment gr\u00e2ce \u00e0 l\u2019action des cr\u00e9atives, qui en \u00e9talant les ventes sur l\u2019ensemble de l\u2019ann\u00e9e a permis de couvrir une partie des besoins de l\u2019orphelinat pendant cette p\u00e9riode COVID. Ces ventes sont destin\u00e9es \u00e0 se p\u00e9renniser dans le temps.<\/p>\n\n\n\n<ul class=\"wp-block-list\"><li>&nbsp;Le bilan financier&nbsp;:<\/li><\/ul>\n\n\n\n<p>il reste \u00e9quilibr\u00e9 gr\u00e2ce \u00e0 l\u2019hyperactivit\u00e9 des cr\u00e9atives, aux dons divers et aux cotisations.<\/p>\n\n\n\n<ul class=\"wp-block-list\"><li>Point sur les aides \u00e0 Yovokop\u00e9 pendant la p\u00e9riode Covid (2020-2022)<\/li><li>Point sur les aides futures&nbsp;:<ul><li>Discussion sur la pertinence de poursuivre les mensualit\u00e9s tant que la situation sur place l\u2019imposera<\/li><li>Projet d\u2019envoi d\u2019un container de dons r\u00e9colt\u00e9s aupr\u00e8s de particuliers, de collectivit\u00e9s et gr\u00e2ce \u00e0 la mobilisation de sympathisants impliqu\u00e9s<\/li><\/ul><\/li><li>Renouvellement du Conseil d\u2019Administration et du bureau&nbsp;:<\/li><\/ul>\n\n\n\n<p>Sont \u00e9lu(e)s* ou r\u00e9\u00e9lu(e)s \u00e0 l\u2019unanimit\u00e9&nbsp;:<\/p>\n\n\n\n<ul class=\"wp-block-list\"><li>BUISSON Maxence*&nbsp;&nbsp;&nbsp;&nbsp;&nbsp;&nbsp;&nbsp;&nbsp;&nbsp;&nbsp;&nbsp;&nbsp;&nbsp;&nbsp;&nbsp;&nbsp;&nbsp;&nbsp;&nbsp;&nbsp;&nbsp;&nbsp;&nbsp;<\/li><li>COTTON&nbsp; Laurence&nbsp;&nbsp;&nbsp;&nbsp;&nbsp;&nbsp;&nbsp;&nbsp;&nbsp;&nbsp;&nbsp;&nbsp;&nbsp;&nbsp;&nbsp;&nbsp;&nbsp;&nbsp;&nbsp;&nbsp;&nbsp;&nbsp;&nbsp;&nbsp;<\/li><li>DA SILVA Lisa&nbsp;&nbsp;&nbsp;&nbsp;&nbsp;&nbsp;&nbsp;&nbsp;&nbsp;&nbsp;&nbsp;&nbsp;&nbsp;&nbsp;&nbsp;&nbsp;&nbsp;&nbsp;&nbsp;&nbsp;&nbsp;&nbsp;&nbsp;&nbsp;&nbsp;&nbsp;&nbsp;&nbsp;&nbsp;&nbsp;&nbsp;&nbsp;&nbsp;&nbsp;<\/li><li>DESFORGES Christine*&nbsp;&nbsp;&nbsp;&nbsp;&nbsp;<\/li><li>DESFORGES Didier&nbsp;&nbsp;&nbsp;&nbsp;&nbsp;&nbsp;&nbsp;&nbsp;&nbsp;&nbsp;&nbsp;&nbsp;&nbsp;&nbsp;&nbsp;&nbsp;&nbsp;&nbsp;&nbsp;&nbsp;&nbsp;&nbsp;<\/li><li>DUBOIS Maryse<\/li><li>FOLLY ADJON Isabelle&nbsp;&nbsp;&nbsp;&nbsp;&nbsp;&nbsp;&nbsp;&nbsp;&nbsp;&nbsp;&nbsp;&nbsp;&nbsp;&nbsp;&nbsp;&nbsp;&nbsp;&nbsp;<\/li><li>GABIACHE Janine&nbsp;&nbsp;&nbsp;&nbsp;&nbsp;&nbsp;&nbsp;&nbsp;&nbsp;&nbsp;&nbsp;&nbsp;&nbsp;&nbsp;&nbsp;&nbsp;&nbsp;&nbsp;&nbsp;&nbsp;&nbsp;&nbsp;&nbsp;&nbsp;&nbsp;&nbsp;<\/li><li>MOULINARD Marie&nbsp;&nbsp;&nbsp;&nbsp;&nbsp;&nbsp;&nbsp;&nbsp;&nbsp;&nbsp;&nbsp;&nbsp;&nbsp;&nbsp;&nbsp;&nbsp;&nbsp;&nbsp;&nbsp;&nbsp;&nbsp;&nbsp;<\/li><li>PERGAY Marie-No\u00eblle&nbsp;&nbsp;&nbsp;&nbsp;&nbsp;&nbsp;&nbsp;&nbsp;&nbsp;&nbsp;&nbsp;&nbsp;&nbsp;&nbsp;&nbsp;&nbsp;&nbsp;&nbsp;&nbsp;<\/li><li>PHILIPPI Daniel<\/li><li>RESNIKOW Christine<\/li><\/ul>\n\n\n\n<p>Pour le bureau&nbsp;:<\/p>\n\n\n\n<ul class=\"wp-block-list\"><li>PHILIPPI Daniel&nbsp;: Pr\u00e9sident<\/li><li>GABIACHE Janine&nbsp;: Vice-pr\u00e9sidente&nbsp;<\/li><li>DESFORGES Didier&nbsp;: Tr\u00e9sorier<\/li><li>DA SILVA Lisa&nbsp;: Secr\u00e9taire&nbsp;&nbsp;&nbsp;&nbsp;<\/li><li>MOULINARD Marie* secr\u00e9taire adjointe attach\u00e9e \u00e0 la communication num\u00e9rique<\/li><\/ul>\n","protected":false},"excerpt":{"rendered":"<p>Aucune assembl\u00e9e g\u00e9n\u00e9rale n\u2019avait pu \u00eatre organis\u00e9e depuis 2019 du fait des restrictions sanitaires d\u00e9sormais lev\u00e9es. \u00c0 l\u2019ordre du jour&nbsp;: Le bilan moral&nbsp;: Force a \u00e9t\u00e9 de constater un bouleversement li\u00e9 \u00e0 l\u2019\u00e9pid\u00e9mie mondiale. Cette derni\u00e8re a entra\u00een\u00e9 une modification certaine des besoins exprim\u00e9s \u00e0 la ferme orphelinat. Dans ce cadre afin de subvenir aux [&hellip;]<\/p>\n","protected":false},"author":1,"featured_media":717,"comment_status":"open","ping_status":"open","sticky":false,"template":"","format":"standard","meta":{"_acf_changed":false,"footnotes":""},"categories":[2],"tags":[],"class_list":["post-713","post","type-post","status-publish","format-standard","has-post-thumbnail","hentry","category-actualites"],"acf":[],"_links":{"self":[{"href":"https:\/\/amept-limousin.com\/index.php\/wp-json\/wp\/v2\/posts\/713","targetHints":{"allow":["GET"]}}],"collection":[{"href":"https:\/\/amept-limousin.com\/index.php\/wp-json\/wp\/v2\/posts"}],"about":[{"href":"https:\/\/amept-limousin.com\/index.php\/wp-json\/wp\/v2\/types\/post"}],"author":[{"embeddable":true,"href":"https:\/\/amept-limousin.com\/index.php\/wp-json\/wp\/v2\/users\/1"}],"replies":[{"embeddable":true,"href":"https:\/\/amept-limousin.com\/index.php\/wp-json\/wp\/v2\/comments?post=713"}],"version-history":[{"count":4,"href":"https:\/\/amept-limousin.com\/index.php\/wp-json\/wp\/v2\/posts\/713\/revisions"}],"predecessor-version":[{"id":749,"href":"https:\/\/amept-limousin.com\/index.php\/wp-json\/wp\/v2\/posts\/713\/revisions\/749"}],"wp:featuredmedia":[{"embeddable":true,"href":"https:\/\/amept-limousin.com\/index.php\/wp-json\/wp\/v2\/media\/717"}],"wp:attachment":[{"href":"https:\/\/amept-limousin.com\/index.php\/wp-json\/wp\/v2\/media?parent=713"}],"wp:term":[{"taxonomy":"category","embeddable":true,"href":"https:\/\/amept-limousin.com\/index.php\/wp-json\/wp\/v2\/categories?post=713"},{"taxonomy":"post_tag","embeddable":true,"href":"https:\/\/amept-limousin.com\/index.php\/wp-json\/wp\/v2\/tags?post=713"}],"curies":[{"name":"wp","href":"https:\/\/api.w.org\/{rel}","templated":true}]}}