{"id":1214,"date":"2025-02-09T18:52:02","date_gmt":"2025-02-09T17:52:02","guid":{"rendered":"https:\/\/amept-limousin.com\/?p=1214"},"modified":"2025-02-17T17:22:21","modified_gmt":"2025-02-17T16:22:21","slug":"soiree-festive-2024","status":"publish","type":"post","link":"https:\/\/amept-limousin.com\/index.php\/soiree-festive-2024\/","title":{"rendered":"Soir\u00e9e festive 2024"},"content":{"rendered":"\n<p>Nous souhaitons \u00e0 nouveau vous remercier pour votre pr\u00e9sence, votre bonne humeur et votre g\u00e9n\u00e9rosit\u00e9 dont vous avez fait preuve tout au long de notre soir\u00e9e festive qui s&rsquo;est tenue \u00e0 Beynac le 05 octobre 2024.<\/p>\n\n\n\n<p>Voici quelques photos pour raviver vos souvenirs et nous vous donnons rendez-vous en 2025 ! <\/p>\n\n\n\n<figure class=\"wp-block-image size-full\"><img loading=\"lazy\" decoding=\"async\" width=\"900\" height=\"600\" src=\"https:\/\/amept-limousin.com\/wp-content\/uploads\/2025\/02\/IMG_3809.jpg\" alt=\"Deuxi\u00e8me photo de la piste de danse lors de la soir\u00e9e du 5 octobre 2024\" class=\"wp-image-1241\" srcset=\"https:\/\/amept-limousin.com\/wp-content\/uploads\/2025\/02\/IMG_3809.jpg 900w, https:\/\/amept-limousin.com\/wp-content\/uploads\/2025\/02\/IMG_3809-300x200.jpg 300w, https:\/\/amept-limousin.com\/wp-content\/uploads\/2025\/02\/IMG_3809-768x512.jpg 768w\" sizes=\"auto, (max-width: 900px) 100vw, 900px\" \/><\/figure>\n\n\n\n<figure class=\"wp-block-image size-full\"><img loading=\"lazy\" decoding=\"async\" width=\"900\" height=\"600\" src=\"https:\/\/amept-limousin.com\/wp-content\/uploads\/2025\/02\/IMG_3693.jpg\" alt=\"Photo de la piste de danse lors de la soir\u00e9e du 5 octobre 2024\" class=\"wp-image-1240\" srcset=\"https:\/\/amept-limousin.com\/wp-content\/uploads\/2025\/02\/IMG_3693.jpg 900w, https:\/\/amept-limousin.com\/wp-content\/uploads\/2025\/02\/IMG_3693-300x200.jpg 300w, https:\/\/amept-limousin.com\/wp-content\/uploads\/2025\/02\/IMG_3693-768x512.jpg 768w\" sizes=\"auto, (max-width: 900px) 100vw, 900px\" \/><\/figure>\n","protected":false},"excerpt":{"rendered":"<p>Nous souhaitons \u00e0 nouveau vous remercier pour votre pr\u00e9sence, votre bonne humeur et votre g\u00e9n\u00e9rosit\u00e9 dont vous avez fait preuve tout au long de notre soir\u00e9e festive qui s&rsquo;est tenue \u00e0 Beynac le 05 octobre 2024. Voici quelques photos pour raviver vos souvenirs et nous vous donnons rendez-vous en 2025 !<\/p>\n","protected":false},"author":3,"featured_media":1239,"comment_status":"closed","ping_status":"","sticky":false,"template":"","format":"standard","meta":{"_acf_changed":false,"footnotes":""},"categories":[2],"tags":[],"class_list":["post-1214","post","type-post","status-publish","format-standard","has-post-thumbnail","hentry","category-actualites"],"acf":[],"_links":{"self":[{"href":"https:\/\/amept-limousin.com\/index.php\/wp-json\/wp\/v2\/posts\/1214","targetHints":{"allow":["GET"]}}],"collection":[{"href":"https:\/\/amept-limousin.com\/index.php\/wp-json\/wp\/v2\/posts"}],"about":[{"href":"https:\/\/amept-limousin.com\/index.php\/wp-json\/wp\/v2\/types\/post"}],"author":[{"embeddable":true,"href":"https:\/\/amept-limousin.com\/index.php\/wp-json\/wp\/v2\/users\/3"}],"replies":[{"embeddable":true,"href":"https:\/\/amept-limousin.com\/index.php\/wp-json\/wp\/v2\/comments?post=1214"}],"version-history":[{"count":3,"href":"https:\/\/amept-limousin.com\/index.php\/wp-json\/wp\/v2\/posts\/1214\/revisions"}],"predecessor-version":[{"id":1243,"href":"https:\/\/amept-limousin.com\/index.php\/wp-json\/wp\/v2\/posts\/1214\/revisions\/1243"}],"wp:featuredmedia":[{"embeddable":true,"href":"https:\/\/amept-limousin.com\/index.php\/wp-json\/wp\/v2\/media\/1239"}],"wp:attachment":[{"href":"https:\/\/amept-limousin.com\/index.php\/wp-json\/wp\/v2\/media?parent=1214"}],"wp:term":[{"taxonomy":"category","embeddable":true,"href":"https:\/\/amept-limousin.com\/index.php\/wp-json\/wp\/v2\/categories?post=1214"},{"taxonomy":"post_tag","embeddable":true,"href":"https:\/\/amept-limousin.com\/index.php\/wp-json\/wp\/v2\/tags?post=1214"}],"curies":[{"name":"wp","href":"https:\/\/api.w.org\/{rel}","templated":true}]}}